{"id":25115,"date":"2024-07-16T22:11:02","date_gmt":"2024-07-16T22:11:02","guid":{"rendered":"https:\/\/tesysaf.estudioblu.es\/presentacion-de-tesys-internacional-en-intereconomia\/"},"modified":"2025-09-02T22:18:02","modified_gmt":"2025-09-02T22:18:02","slug":"presentacion-de-tesys-internacional-en-intereconomia","status":"publish","type":"post","link":"https:\/\/tesysaf.com\/en\/presentacion-de-tesys-internacional-en-intereconomia\/","title":{"rendered":"Presentaci\u00f3n de Tesys Internacional en Intereconom\u00eda"},"content":{"rendered":"\t\t<div data-elementor-type=\"wp-post\" data-elementor-id=\"25115\" class=\"elementor elementor-25115\" data-elementor-post-type=\"post\">\n\t\t\t\t\t\t<\/div>\n\t\t","protected":false},"excerpt":{"rendered":"<p>Tesys Activos Financieros EAF, de la mano de su presidente C\u00e9sar Sala Gamero y su director de inversiones, Antonio Fern\u00e1ndez Quesada, estuvieron hablando sobre el fondo de inversi\u00f3n Tesys Internacional&hellip;<\/p>\n","protected":false},"author":1,"featured_media":24833,"comment_status":"open","ping_status":"open","sticky":false,"template":"","format":"standard","meta":{"footnotes":""},"categories":[231],"tags":[237,239,240,241,242,236],"class_list":["post-25115","post","type-post","status-publish","format-standard","has-post-thumbnail","hentry","category-posts","tag-antonio-fernandez-quesada-en","tag-cesar-sala-gamero-en","tag-fondos-quality-en","tag-intereconomia-en","tag-inversion-en-calidad-en","tag-tesys-internacional-en"],"yoast_head":"<!-- This site is optimized with the Yoast SEO plugin v27.0 - https:\/\/yoast.com\/product\/yoast-seo-wordpress\/ -->\n<title>Presentaci\u00f3n de Tesys Internacional en Intereconom\u00eda - Tesys Activos Financieros SGIIC<\/title>\n<meta name=\"robots\" content=\"index, follow, max-snippet:-1, max-image-preview:large, max-video-preview:-1\" \/>\n<link rel=\"canonical\" href=\"https:\/\/tesysaf.com\/presentacion-de-tesys-internacional-en-intereconomia\/\" \/>\n<meta property=\"og:locale\" content=\"en_US\" \/>\n<meta property=\"og:type\" content=\"article\" \/>\n<meta property=\"og:title\" content=\"Presentaci\u00f3n de Tesys Internacional en Intereconom\u00eda - Tesys Activos Financieros SGIIC\" \/>\n<meta property=\"og:description\" content=\"Tesys Activos Financieros EAF, de la mano de su presidente C\u00e9sar Sala Gamero y su director de inversiones, Antonio Fern\u00e1ndez Quesada, estuvieron hablando sobre el fondo de inversi\u00f3n Tesys Internacional&hellip;\" \/>\n<meta property=\"og:url\" content=\"https:\/\/tesysaf.com\/presentacion-de-tesys-internacional-en-intereconomia\/\" \/>\n<meta property=\"og:site_name\" content=\"Tesys Activos Financieros SGIIC\" \/>\n<meta property=\"article:published_time\" content=\"2024-07-16T22:11:02+00:00\" \/>\n<meta property=\"article:modified_time\" content=\"2025-09-02T22:18:02+00:00\" \/>\n<meta property=\"og:image\" content=\"https:\/\/tesysaf.com\/wp-content\/uploads\/2024\/07\/tesys-internacional-en-intereconomia-antonio-fernandez-quesada-y-cesar-sala-gamero.png\" \/>\n\t<meta property=\"og:image:width\" content=\"1960\" \/>\n\t<meta property=\"og:image:height\" content=\"1032\" \/>\n\t<meta property=\"og:image:type\" content=\"image\/png\" \/>\n<meta name=\"author\" content=\"admin\" \/>\n<meta name=\"twitter:card\" content=\"summary_large_image\" \/>\n<meta name=\"twitter:creator\" content=\"@tesysaf\" \/>\n<meta name=\"twitter:site\" content=\"@tesysaf\" \/>\n<meta name=\"twitter:label1\" content=\"Written by\" \/>\n\t<meta name=\"twitter:data1\" content=\"admin\" \/>\n\t<meta name=\"twitter:label2\" content=\"Est. reading time\" \/>\n\t<meta name=\"twitter:data2\" content=\"1 minute\" \/>\n<script type=\"application\/ld+json\" class=\"yoast-schema-graph\">{\"@context\":\"https:\/\/schema.org\",\"@graph\":[{\"@type\":\"Article\",\"@id\":\"https:\/\/tesysaf.com\/presentacion-de-tesys-internacional-en-intereconomia\/#article\",\"isPartOf\":{\"@id\":\"https:\/\/tesysaf.com\/presentacion-de-tesys-internacional-en-intereconomia\/\"},\"author\":{\"name\":\"admin\",\"@id\":\"https:\/\/tesysaf.com\/#\/schema\/person\/ca2b5dfcfbe4e1f66294e2675d2b6a9d\"},\"headline\":\"Presentaci\u00f3n de Tesys Internacional en Intereconom\u00eda\",\"datePublished\":\"2024-07-16T22:11:02+00:00\",\"dateModified\":\"2025-09-02T22:18:02+00:00\",\"mainEntityOfPage\":{\"@id\":\"https:\/\/tesysaf.com\/presentacion-de-tesys-internacional-en-intereconomia\/\"},\"wordCount\":111,\"commentCount\":0,\"publisher\":{\"@id\":\"https:\/\/tesysaf.com\/#organization\"},\"image\":{\"@id\":\"https:\/\/tesysaf.com\/presentacion-de-tesys-internacional-en-intereconomia\/#primaryimage\"},\"thumbnailUrl\":\"https:\/\/tesysaf.com\/wp-content\/uploads\/2024\/07\/tesys-internacional-en-intereconomia-antonio-fernandez-quesada-y-cesar-sala-gamero.png\",\"keywords\":[\"antonio fern\u00e1ndez quesada\",\"c\u00e9sar sala gamero\",\"fondos quality\",\"intereconom\u00eda\",\"inversi\u00f3n en calidad\",\"tesys internacional\"],\"articleSection\":[\"Posts\"],\"inLanguage\":\"en-US\",\"potentialAction\":[{\"@type\":\"CommentAction\",\"name\":\"Comment\",\"target\":[\"https:\/\/tesysaf.com\/presentacion-de-tesys-internacional-en-intereconomia\/#respond\"]}]},{\"@type\":\"WebPage\",\"@id\":\"https:\/\/tesysaf.com\/presentacion-de-tesys-internacional-en-intereconomia\/\",\"url\":\"https:\/\/tesysaf.com\/presentacion-de-tesys-internacional-en-intereconomia\/\",\"name\":\"Presentaci\u00f3n de Tesys Internacional en Intereconom\u00eda - Tesys Activos Financieros SGIIC\",\"isPartOf\":{\"@id\":\"https:\/\/tesysaf.com\/#website\"},\"primaryImageOfPage\":{\"@id\":\"https:\/\/tesysaf.com\/presentacion-de-tesys-internacional-en-intereconomia\/#primaryimage\"},\"image\":{\"@id\":\"https:\/\/tesysaf.com\/presentacion-de-tesys-internacional-en-intereconomia\/#primaryimage\"},\"thumbnailUrl\":\"https:\/\/tesysaf.com\/wp-content\/uploads\/2024\/07\/tesys-internacional-en-intereconomia-antonio-fernandez-quesada-y-cesar-sala-gamero.png\",\"datePublished\":\"2024-07-16T22:11:02+00:00\",\"dateModified\":\"2025-09-02T22:18:02+00:00\",\"breadcrumb\":{\"@id\":\"https:\/\/tesysaf.com\/presentacion-de-tesys-internacional-en-intereconomia\/#breadcrumb\"},\"inLanguage\":\"en-US\",\"potentialAction\":[{\"@type\":\"ReadAction\",\"target\":[\"https:\/\/tesysaf.com\/presentacion-de-tesys-internacional-en-intereconomia\/\"]}]},{\"@type\":\"ImageObject\",\"inLanguage\":\"en-US\",\"@id\":\"https:\/\/tesysaf.com\/presentacion-de-tesys-internacional-en-intereconomia\/#primaryimage\",\"url\":\"https:\/\/tesysaf.com\/wp-content\/uploads\/2024\/07\/tesys-internacional-en-intereconomia-antonio-fernandez-quesada-y-cesar-sala-gamero.png\",\"contentUrl\":\"https:\/\/tesysaf.com\/wp-content\/uploads\/2024\/07\/tesys-internacional-en-intereconomia-antonio-fernandez-quesada-y-cesar-sala-gamero.png\",\"width\":1960,\"height\":1032,\"caption\":\"Antonio Fern\u00e1ndez Quesada y C\u00e9sar Sala Gamero presentando Tesys Internacional en Intereconom\u00eda\"},{\"@type\":\"BreadcrumbList\",\"@id\":\"https:\/\/tesysaf.com\/presentacion-de-tesys-internacional-en-intereconomia\/#breadcrumb\",\"itemListElement\":[{\"@type\":\"ListItem\",\"position\":1,\"name\":\"Portada\",\"item\":\"https:\/\/tesysaf.com\/\"},{\"@type\":\"ListItem\",\"position\":2,\"name\":\"Presentaci\u00f3n de Tesys Internacional en Intereconom\u00eda\"}]},{\"@type\":\"WebSite\",\"@id\":\"https:\/\/tesysaf.com\/#website\",\"url\":\"https:\/\/tesysaf.com\/\",\"name\":\"Tesys Activos Financieros SGIIC\",\"description\":\"\",\"publisher\":{\"@id\":\"https:\/\/tesysaf.com\/#organization\"},\"potentialAction\":[{\"@type\":\"SearchAction\",\"target\":{\"@type\":\"EntryPoint\",\"urlTemplate\":\"https:\/\/tesysaf.com\/?s={search_term_string}\"},\"query-input\":{\"@type\":\"PropertyValueSpecification\",\"valueRequired\":true,\"valueName\":\"search_term_string\"}}],\"inLanguage\":\"en-US\"},{\"@type\":\"Organization\",\"@id\":\"https:\/\/tesysaf.com\/#organization\",\"name\":\"Tesys Activos Financieros SGIIC\",\"url\":\"https:\/\/tesysaf.com\/\",\"logo\":{\"@type\":\"ImageObject\",\"inLanguage\":\"en-US\",\"@id\":\"https:\/\/tesysaf.com\/#\/schema\/logo\/image\/\",\"url\":\"https:\/\/tesysaf.com\/wp-content\/uploads\/2025\/09\/TesysAF.png\",\"contentUrl\":\"https:\/\/tesysaf.com\/wp-content\/uploads\/2025\/09\/TesysAF.png\",\"width\":1056,\"height\":670,\"caption\":\"Tesys Activos Financieros SGIIC\"},\"image\":{\"@id\":\"https:\/\/tesysaf.com\/#\/schema\/logo\/image\/\"},\"sameAs\":[\"https:\/\/x.com\/tesysaf\",\"https:\/\/www.linkedin.com\/company\/tesys-activos-financieros\/about\/\",\"https:\/\/www.youtube.com\/@TesysAF\"]},{\"@type\":\"Person\",\"@id\":\"https:\/\/tesysaf.com\/#\/schema\/person\/ca2b5dfcfbe4e1f66294e2675d2b6a9d\",\"name\":\"admin\",\"image\":{\"@type\":\"ImageObject\",\"inLanguage\":\"en-US\",\"@id\":\"https:\/\/tesysaf.com\/#\/schema\/person\/image\/\",\"url\":\"https:\/\/secure.gravatar.com\/avatar\/23054a6d7faee9dec4e01b4ea81723555200e338d1ef1da2135fde1cc738beb0?s=96&d=mm&r=g\",\"contentUrl\":\"https:\/\/secure.gravatar.com\/avatar\/23054a6d7faee9dec4e01b4ea81723555200e338d1ef1da2135fde1cc738beb0?s=96&d=mm&r=g\",\"caption\":\"admin\"},\"sameAs\":[\"http:\/\/tesysaf.com\"],\"url\":\"https:\/\/tesysaf.com\/en\/author\/admin\/\"}]}<\/script>\n<!-- \/ Yoast SEO plugin. -->","yoast_head_json":{"title":"Presentaci\u00f3n de Tesys Internacional en Intereconom\u00eda - Tesys Activos Financieros SGIIC","robots":{"index":"index","follow":"follow","max-snippet":"max-snippet:-1","max-image-preview":"max-image-preview:large","max-video-preview":"max-video-preview:-1"},"canonical":"https:\/\/tesysaf.com\/presentacion-de-tesys-internacional-en-intereconomia\/","og_locale":"en_US","og_type":"article","og_title":"Presentaci\u00f3n de Tesys Internacional en Intereconom\u00eda - Tesys Activos Financieros SGIIC","og_description":"Tesys Activos Financieros EAF, de la mano de su presidente C\u00e9sar Sala Gamero y su director de inversiones, Antonio Fern\u00e1ndez Quesada, estuvieron hablando sobre el fondo de inversi\u00f3n Tesys Internacional&hellip;","og_url":"https:\/\/tesysaf.com\/presentacion-de-tesys-internacional-en-intereconomia\/","og_site_name":"Tesys Activos Financieros SGIIC","article_published_time":"2024-07-16T22:11:02+00:00","article_modified_time":"2025-09-02T22:18:02+00:00","og_image":[{"width":1960,"height":1032,"url":"https:\/\/tesysaf.com\/wp-content\/uploads\/2024\/07\/tesys-internacional-en-intereconomia-antonio-fernandez-quesada-y-cesar-sala-gamero.png","type":"image\/png"}],"author":"admin","twitter_card":"summary_large_image","twitter_creator":"@tesysaf","twitter_site":"@tesysaf","twitter_misc":{"Written by":"admin","Est. reading time":"1 minute"},"schema":{"@context":"https:\/\/schema.org","@graph":[{"@type":"Article","@id":"https:\/\/tesysaf.com\/presentacion-de-tesys-internacional-en-intereconomia\/#article","isPartOf":{"@id":"https:\/\/tesysaf.com\/presentacion-de-tesys-internacional-en-intereconomia\/"},"author":{"name":"admin","@id":"https:\/\/tesysaf.com\/#\/schema\/person\/ca2b5dfcfbe4e1f66294e2675d2b6a9d"},"headline":"Presentaci\u00f3n de Tesys Internacional en Intereconom\u00eda","datePublished":"2024-07-16T22:11:02+00:00","dateModified":"2025-09-02T22:18:02+00:00","mainEntityOfPage":{"@id":"https:\/\/tesysaf.com\/presentacion-de-tesys-internacional-en-intereconomia\/"},"wordCount":111,"commentCount":0,"publisher":{"@id":"https:\/\/tesysaf.com\/#organization"},"image":{"@id":"https:\/\/tesysaf.com\/presentacion-de-tesys-internacional-en-intereconomia\/#primaryimage"},"thumbnailUrl":"https:\/\/tesysaf.com\/wp-content\/uploads\/2024\/07\/tesys-internacional-en-intereconomia-antonio-fernandez-quesada-y-cesar-sala-gamero.png","keywords":["antonio fern\u00e1ndez quesada","c\u00e9sar sala gamero","fondos quality","intereconom\u00eda","inversi\u00f3n en calidad","tesys internacional"],"articleSection":["Posts"],"inLanguage":"en-US","potentialAction":[{"@type":"CommentAction","name":"Comment","target":["https:\/\/tesysaf.com\/presentacion-de-tesys-internacional-en-intereconomia\/#respond"]}]},{"@type":"WebPage","@id":"https:\/\/tesysaf.com\/presentacion-de-tesys-internacional-en-intereconomia\/","url":"https:\/\/tesysaf.com\/presentacion-de-tesys-internacional-en-intereconomia\/","name":"Presentaci\u00f3n de Tesys Internacional en Intereconom\u00eda - Tesys Activos Financieros SGIIC","isPartOf":{"@id":"https:\/\/tesysaf.com\/#website"},"primaryImageOfPage":{"@id":"https:\/\/tesysaf.com\/presentacion-de-tesys-internacional-en-intereconomia\/#primaryimage"},"image":{"@id":"https:\/\/tesysaf.com\/presentacion-de-tesys-internacional-en-intereconomia\/#primaryimage"},"thumbnailUrl":"https:\/\/tesysaf.com\/wp-content\/uploads\/2024\/07\/tesys-internacional-en-intereconomia-antonio-fernandez-quesada-y-cesar-sala-gamero.png","datePublished":"2024-07-16T22:11:02+00:00","dateModified":"2025-09-02T22:18:02+00:00","breadcrumb":{"@id":"https:\/\/tesysaf.com\/presentacion-de-tesys-internacional-en-intereconomia\/#breadcrumb"},"inLanguage":"en-US","potentialAction":[{"@type":"ReadAction","target":["https:\/\/tesysaf.com\/presentacion-de-tesys-internacional-en-intereconomia\/"]}]},{"@type":"ImageObject","inLanguage":"en-US","@id":"https:\/\/tesysaf.com\/presentacion-de-tesys-internacional-en-intereconomia\/#primaryimage","url":"https:\/\/tesysaf.com\/wp-content\/uploads\/2024\/07\/tesys-internacional-en-intereconomia-antonio-fernandez-quesada-y-cesar-sala-gamero.png","contentUrl":"https:\/\/tesysaf.com\/wp-content\/uploads\/2024\/07\/tesys-internacional-en-intereconomia-antonio-fernandez-quesada-y-cesar-sala-gamero.png","width":1960,"height":1032,"caption":"Antonio Fern\u00e1ndez Quesada y C\u00e9sar Sala Gamero presentando Tesys Internacional en Intereconom\u00eda"},{"@type":"BreadcrumbList","@id":"https:\/\/tesysaf.com\/presentacion-de-tesys-internacional-en-intereconomia\/#breadcrumb","itemListElement":[{"@type":"ListItem","position":1,"name":"Portada","item":"https:\/\/tesysaf.com\/"},{"@type":"ListItem","position":2,"name":"Presentaci\u00f3n de Tesys Internacional en Intereconom\u00eda"}]},{"@type":"WebSite","@id":"https:\/\/tesysaf.com\/#website","url":"https:\/\/tesysaf.com\/","name":"Tesys Activos Financieros SGIIC","description":"","publisher":{"@id":"https:\/\/tesysaf.com\/#organization"},"potentialAction":[{"@type":"SearchAction","target":{"@type":"EntryPoint","urlTemplate":"https:\/\/tesysaf.com\/?s={search_term_string}"},"query-input":{"@type":"PropertyValueSpecification","valueRequired":true,"valueName":"search_term_string"}}],"inLanguage":"en-US"},{"@type":"Organization","@id":"https:\/\/tesysaf.com\/#organization","name":"Tesys Activos Financieros SGIIC","url":"https:\/\/tesysaf.com\/","logo":{"@type":"ImageObject","inLanguage":"en-US","@id":"https:\/\/tesysaf.com\/#\/schema\/logo\/image\/","url":"https:\/\/tesysaf.com\/wp-content\/uploads\/2025\/09\/TesysAF.png","contentUrl":"https:\/\/tesysaf.com\/wp-content\/uploads\/2025\/09\/TesysAF.png","width":1056,"height":670,"caption":"Tesys Activos Financieros SGIIC"},"image":{"@id":"https:\/\/tesysaf.com\/#\/schema\/logo\/image\/"},"sameAs":["https:\/\/x.com\/tesysaf","https:\/\/www.linkedin.com\/company\/tesys-activos-financieros\/about\/","https:\/\/www.youtube.com\/@TesysAF"]},{"@type":"Person","@id":"https:\/\/tesysaf.com\/#\/schema\/person\/ca2b5dfcfbe4e1f66294e2675d2b6a9d","name":"admin","image":{"@type":"ImageObject","inLanguage":"en-US","@id":"https:\/\/tesysaf.com\/#\/schema\/person\/image\/","url":"https:\/\/secure.gravatar.com\/avatar\/23054a6d7faee9dec4e01b4ea81723555200e338d1ef1da2135fde1cc738beb0?s=96&d=mm&r=g","contentUrl":"https:\/\/secure.gravatar.com\/avatar\/23054a6d7faee9dec4e01b4ea81723555200e338d1ef1da2135fde1cc738beb0?s=96&d=mm&r=g","caption":"admin"},"sameAs":["http:\/\/tesysaf.com"],"url":"https:\/\/tesysaf.com\/en\/author\/admin\/"}]}},"_links":{"self":[{"href":"https:\/\/tesysaf.com\/en\/wp-json\/wp\/v2\/posts\/25115","targetHints":{"allow":["GET"]}}],"collection":[{"href":"https:\/\/tesysaf.com\/en\/wp-json\/wp\/v2\/posts"}],"about":[{"href":"https:\/\/tesysaf.com\/en\/wp-json\/wp\/v2\/types\/post"}],"author":[{"embeddable":true,"href":"https:\/\/tesysaf.com\/en\/wp-json\/wp\/v2\/users\/1"}],"replies":[{"embeddable":true,"href":"https:\/\/tesysaf.com\/en\/wp-json\/wp\/v2\/comments?post=25115"}],"version-history":[{"count":0,"href":"https:\/\/tesysaf.com\/en\/wp-json\/wp\/v2\/posts\/25115\/revisions"}],"wp:featuredmedia":[{"embeddable":true,"href":"https:\/\/tesysaf.com\/en\/wp-json\/wp\/v2\/media\/24833"}],"wp:attachment":[{"href":"https:\/\/tesysaf.com\/en\/wp-json\/wp\/v2\/media?parent=25115"}],"wp:term":[{"taxonomy":"category","embeddable":true,"href":"https:\/\/tesysaf.com\/en\/wp-json\/wp\/v2\/categories?post=25115"},{"taxonomy":"post_tag","embeddable":true,"href":"https:\/\/tesysaf.com\/en\/wp-json\/wp\/v2\/tags?post=25115"}],"curies":[{"name":"wp","href":"https:\/\/api.w.org\/{rel}","templated":true}]}}